[{"command":"add_css","data":[{"rel":"stylesheet","media":"all","href":"\/sites\/default\/files\/css\/css_u9xFhh4JuONNU9dnvTemR1FVN9cwNzM453fcHMFYPq8.css?delta=0\u0026language=fr\u0026theme=allier\u0026include=eJxLzMnJTC3SzyotLslMy0xNcU_MyUktqgQAbhUJQA"}]},{"command":"add_js","selector":"body","data":[{"src":"\/sites\/default\/files\/js\/js_UFzWxp82-ZjODlnYMvkdpdevguov59idLOfx_j_nl48.js?scope=footer\u0026delta=0\u0026language=fr\u0026theme=allier\u0026include=eJxLzMnJTC3SzyotLslMy0xNcU_MyUktqgQAbhUJQA"}]},{"command":"readMessage","commentaire":"\n\n\u003Cdiv class=\u0022row align-middle profile-comments-theme\u0022\u003E\n\n  \u003Cdiv class=\u0022column shrink no-padding-r\u0022\u003E\n    \u003Cimg src=\u0022https:\/\/www.pepit03.fr\/sites\/default\/files\/themes_list\/imgList_margotte.svg\u0022 width=\u002275\u0022 height=\u002295\u0022 alt=\u0022Ressources\u0022 \/\u003E\n  \u003C\/div\u003E\n  \n  \u003Cdiv class=\u0022column\u0022\u003E\n    \u003Cdiv class=\u0022profile-comments-theme-infos\u0022\u003E\n      \u003Cspan class=\u0022text-size-strong text-secondary\u0022\u003EOuvrez les portes de la mine\u003C\/span\u003E\u003Cbr\u003E\n      \u003Cspan class=\u0022text-secondary text-size-xmedium text-color-5\u0022\u003ERessources\u003C\/span\u003E\n      \u003Ca href=\u0022\/missions\/ouvrez-les-portes-de-la-mine\u0022 class=\u0022button small dark\u0022\u003EVoir la mission\u003C\/a\u003E\n    \u003C\/div\u003E\n  \u003C\/div\u003E\n  \n\u003C\/div\u003E\n\n\n\u003Cp class=\u0022text-size-small text-uppercase text-secondary text-color-dark-gray no-margin-b\u0022\u003EMon commentaire\u003C\/p\u003E\n\n    \n  \u003Cp class=\u0022text-size-small text-primary-medium\u0022\u003ESuper balade mais que nous avons h\u00e9las fait un jour de grosse chaleur un aprem et ce n\u0026#039;\u00e9tait pas une bonne id\u00e9e. \nSeul petit b\u00e9mol les chiens ne sont pas accept\u00e9s \u00e0 la pagode, un monsieur as...\u003C\/p\u003E\n\n      \u003Cp class=\u0022no-margin-t\u0022\u003E\n      \u003Ca data-open=\u0022moreComment\u0022\u003ELire la suite\u003C\/a\u003E\n    \u003C\/p\u003E\n\n    \u003Cdiv class=\u0022reveal large\u0022 id=\u0022moreComment\u0022 data-reveal data-close-on-click=\u0022false\u0022 data-close-on-esc=\u0022false\u0022 data-animation-in=\u0022slide-in-down\u0022 data-animation-out=\u0022slide-out-up\u0022\u003E\n      \u003Ch2\u003EMon commentaire\u003C\/h2\u003E\n              Super balade mais que nous avons h\u00e9las fait un jour de grosse chaleur un aprem et ce n\u0027\u00e9tait pas une bonne id\u00e9e. \u003Cbr \/\u003E\nSeul petit b\u00e9mol les chiens ne sont pas accept\u00e9s \u00e0 la pagode, un monsieur asiatique tr\u00e9s \u003Cbr \/\u003E\ngentil a bien voulu nous laisser entrer si nous gardions les \u003Cbr \/\u003E\nchiens en laisse, ce que nous \u003Cbr \/\u003E\navons fait mais un autre monsieur est arriv\u00e9 plus tard qui nous a limite agress\u00e9 verbalement a cause de nos chiens. \u003Cbr \/\u003E\nNous garderons tout de m\u00eame un tr\u00e8s bon souvenir de cette visite. \u003Cbr \/\u003E\n\u003Cbr \/\u003E\n             \u003Cbutton class=\u0022close-button\u0022 data-close aria-label=\u0022Close modal\u0022 type=\u0022button\u0022\u003E\n        \u003Cspan aria-hidden=\u0022true\u0022\u003E\u0026times;\u003C\/span\u003E\n      \u003C\/button\u003E\n    \u003C\/div\u003E\n  \n\n\u003Chr class=\u0022clear\u0022\u003E\n\n\u003Cp class=\u0022text-size-small text-uppercase text-secondary text-color-dark-gray no-margin-b\u0022\u003EMes photos \u003Cstrong\u003E(5)\u003C\/strong\u003E\u003C\/p\u003E\n\n  \u003Cdiv class=\u0022best-photo--gallery js-gallery-justified no-margin\u0022\u003E\n          \u003Ca href=\u0022\/sites\/default\/files\/caches_commentaires\/2026-09\/67949-ouvrez-les-portes-de-la-mine-58845-201-0.jpg\u0022 class=\u0022colorbox best-photo--link\u0022 data-colorbox-gallery=\u0022best-photo\u0022\u003E\n        \u003Cimg src=\u0022\/sites\/default\/files\/styles\/fiche_cache_apercu_upload_photo_commentaire\/public\/caches_commentaires\/2026-09\/67949-ouvrez-les-portes-de-la-mine-58845-201-0.jpg?itok=SjUWKR3r\u0022 class=\u0022best-photo--img\u0022\/\u003E\n      \u003C\/a\u003E\n          \u003Ca href=\u0022\/sites\/default\/files\/caches_commentaires\/2026-09\/67949-ouvrez-les-portes-de-la-mine-58845-201-1.jpg\u0022 class=\u0022colorbox best-photo--link\u0022 data-colorbox-gallery=\u0022best-photo\u0022\u003E\n        \u003Cimg src=\u0022\/sites\/default\/files\/styles\/fiche_cache_apercu_upload_photo_commentaire\/public\/caches_commentaires\/2026-09\/67949-ouvrez-les-portes-de-la-mine-58845-201-1.jpg?itok=ywYEW8cz\u0022 class=\u0022best-photo--img\u0022\/\u003E\n      \u003C\/a\u003E\n          \u003Ca href=\u0022\/sites\/default\/files\/caches_commentaires\/2026-09\/67949-ouvrez-les-portes-de-la-mine-58845-201-2.jpg\u0022 class=\u0022colorbox best-photo--link\u0022 data-colorbox-gallery=\u0022best-photo\u0022\u003E\n        \u003Cimg src=\u0022\/sites\/default\/files\/styles\/fiche_cache_apercu_upload_photo_commentaire\/public\/caches_commentaires\/2026-09\/67949-ouvrez-les-portes-de-la-mine-58845-201-2.jpg?itok=aRmFRtf-\u0022 class=\u0022best-photo--img\u0022\/\u003E\n      \u003C\/a\u003E\n          \u003Ca href=\u0022\/sites\/default\/files\/caches_commentaires\/2026-09\/67949-ouvrez-les-portes-de-la-mine-58845-201-3.jpg\u0022 class=\u0022colorbox best-photo--link\u0022 data-colorbox-gallery=\u0022best-photo\u0022\u003E\n        \u003Cimg src=\u0022\/sites\/default\/files\/styles\/fiche_cache_apercu_upload_photo_commentaire\/public\/caches_commentaires\/2026-09\/67949-ouvrez-les-portes-de-la-mine-58845-201-3.jpg?itok=jij37LT3\u0022 class=\u0022best-photo--img\u0022\/\u003E\n      \u003C\/a\u003E\n          \u003Ca href=\u0022\/sites\/default\/files\/caches_commentaires\/2026-09\/67949-ouvrez-les-portes-de-la-mine-58845-201-4.jpg\u0022 class=\u0022colorbox best-photo--link\u0022 data-colorbox-gallery=\u0022best-photo\u0022\u003E\n        \u003Cimg src=\u0022\/sites\/default\/files\/styles\/fiche_cache_apercu_upload_photo_commentaire\/public\/caches_commentaires\/2026-09\/67949-ouvrez-les-portes-de-la-mine-58845-201-4.jpg?itok=Pkp0O9GK\u0022 class=\u0022best-photo--img\u0022\/\u003E\n      \u003C\/a\u003E\n      \u003C\/div\u003E\n","commentaire_text":"Super balade mais que nous avons h\u00e9las fait un jour de grosse chaleur un aprem et ce n\u0027\u00e9tait pas une bonne id\u00e9e. \u003Cbr \/\u003E\nSeul petit b\u00e9mol les chiens ne sont pas accept\u00e9s \u00e0 la pagode, un monsieur asiatique tr\u00e9s \u003Cbr \/\u003E\ngentil a bien voulu nous laisser entrer si nous gardions les \u003Cbr \/\u003E\nchiens en laisse, ce que nous \u003Cbr \/\u003E\navons fait mais un autre monsieur est arriv\u00e9 plus tard qui nous a limite agress\u00e9 verbalement a cause de nos chiens. \u003Cbr \/\u003E\nNous garderons tout de m\u00eame un tr\u00e8s bon souvenir de cette visite. \u003Cbr \/\u003E\n\u003Cbr \/\u003E\n","idcache":"201"}]