[{"command":"add_css","data":[{"rel":"stylesheet","media":"all","href":"\/sites\/default\/files\/css\/css_u9xFhh4JuONNU9dnvTemR1FVN9cwNzM453fcHMFYPq8.css?delta=0\u0026language=fr\u0026theme=allier\u0026include=eJxLzMnJTC3SzyotLslMy0xNcU_MyUktqgQAbhUJQA"}]},{"command":"add_js","selector":"body","data":[{"src":"\/sites\/default\/files\/js\/js_UFzWxp82-ZjODlnYMvkdpdevguov59idLOfx_j_nl48.js?scope=footer\u0026delta=0\u0026language=fr\u0026theme=allier\u0026include=eJxLzMnJTC3SzyotLslMy0xNcU_MyUktqgQAbhUJQA"}]},{"command":"readMessage","commentaire":"\n\n\u003Cdiv class=\u0022row align-middle profile-comments-theme\u0022\u003E\n\n  \u003Cdiv class=\u0022column shrink no-padding-r\u0022\u003E\n    \u003Cimg src=\u0022https:\/\/www.pepit03.fr\/sites\/default\/files\/themes_list\/imgList_tilou.svg\u0022 width=\u002275\u0022 height=\u002295\u0022 alt=\u0022Petit patrimoine\u0022 \/\u003E\n  \u003C\/div\u003E\n  \n  \u003Cdiv class=\u0022column\u0022\u003E\n    \u003Cdiv class=\u0022profile-comments-theme-infos\u0022\u003E\n      \u003Cspan class=\u0022text-size-strong text-secondary\u0022\u003EFuretez dans la p\u2019tite cit\u00e9\u003C\/span\u003E\u003Cbr\u003E\n      \u003Cspan class=\u0022text-secondary text-size-xmedium text-color-178\u0022\u003EPetit patrimoine\u003C\/span\u003E\n      \u003Ca href=\u0022\/missions\/furetez-dans-la-ptite-cite\u0022 class=\u0022button small dark\u0022\u003EVoir la mission\u003C\/a\u003E\n    \u003C\/div\u003E\n  \u003C\/div\u003E\n  \n\u003C\/div\u003E\n\n\n\u003Cp class=\u0022text-size-small text-uppercase text-secondary text-color-dark-gray no-margin-b\u0022\u003EMon commentaire\u003C\/p\u003E\n\n    \n  \u003Cp class=\u0022text-size-small text-primary-medium\u0022\u003Esuper balade! tu nous fais d\u00e9couvrir la ville et son historique fait en famille avec une enfant de 6 ans. nous en avons profit\u00e9 pour faire la petite course d\u0026#039;orientation qui \u00e9tait disponible...\u003C\/p\u003E\n\n      \u003Cp class=\u0022no-margin-t\u0022\u003E\n      \u003Ca data-open=\u0022moreComment\u0022\u003ELire la suite\u003C\/a\u003E\n    \u003C\/p\u003E\n\n    \u003Cdiv class=\u0022reveal large\u0022 id=\u0022moreComment\u0022 data-reveal data-close-on-click=\u0022false\u0022 data-close-on-esc=\u0022false\u0022 data-animation-in=\u0022slide-in-down\u0022 data-animation-out=\u0022slide-out-up\u0022\u003E\n      \u003Ch2\u003EMon commentaire\u003C\/h2\u003E\n              super balade! tu nous fais d\u00e9couvrir la ville et son historique fait en famille avec une enfant de 6 ans. nous en avons profit\u00e9 pour faire la petite course d\u0027orientation qui \u00e9tait disponible \u00e0 ce moment-l\u00e0 avec des poin\u00e7ons. \u00e7a a \u00e9t\u00e9 plus facile avec notre fils, de le motiver quand m\u00eame \u00e0 faire toute cette balade. nous avons pu prendre le temps de lui expliquer un petit peu l\u0027historique de la ville et tout ce qui nous \u00e9tait expliqu\u00e9 sur l\u0027application. en plus le temps \u00e9tait avec nous donc nickel.              \u003Cbutton class=\u0022close-button\u0022 data-close aria-label=\u0022Close modal\u0022 type=\u0022button\u0022\u003E\n        \u003Cspan aria-hidden=\u0022true\u0022\u003E\u0026times;\u003C\/span\u003E\n      \u003C\/button\u003E\n    \u003C\/div\u003E\n  \n\n\u003Chr class=\u0022clear\u0022\u003E\n\n\u003Cp class=\u0022text-size-small text-uppercase text-secondary text-color-dark-gray no-margin-b\u0022\u003EMes photos \u003Cstrong\u003E(1)\u003C\/strong\u003E\u003C\/p\u003E\n\n  \u003Cdiv class=\u0022best-photo--gallery js-gallery-justified no-margin\u0022\u003E\n          \u003Ca href=\u0022\/sites\/default\/files\/caches_commentaires\/2026-04\/64053-furetez-dans-la-ptite-cite-55660-238-0.jpg\u0022 class=\u0022colorbox best-photo--link\u0022 data-colorbox-gallery=\u0022best-photo\u0022\u003E\n        \u003Cimg src=\u0022\/sites\/default\/files\/styles\/fiche_cache_apercu_upload_photo_commentaire\/public\/caches_commentaires\/2026-04\/64053-furetez-dans-la-ptite-cite-55660-238-0.jpg?itok=RsIGrstJ\u0022 class=\u0022best-photo--img\u0022\/\u003E\n      \u003C\/a\u003E\n      \u003C\/div\u003E\n","commentaire_text":"super balade! tu nous fais d\u00e9couvrir la ville et son historique fait en famille avec une enfant de 6 ans. nous en avons profit\u00e9 pour faire la petite course d\u0027orientation qui \u00e9tait disponible \u00e0 ce moment-l\u00e0 avec des poin\u00e7ons. \u00e7a a \u00e9t\u00e9 plus facile avec notre fils, de le motiver quand m\u00eame \u00e0 faire toute cette balade. nous avons pu prendre le temps de lui expliquer un petit peu l\u0027historique de la ville et tout ce qui nous \u00e9tait expliqu\u00e9 sur l\u0027application. en plus le temps \u00e9tait avec nous donc nickel. ","idcache":"238"}]